{"id":4164,"date":"2013-04-08T16:20:32","date_gmt":"2013-04-08T14:20:32","guid":{"rendered":"https:\/\/masgrau.net\/propietats-i-usos-de-la-civada\/"},"modified":"2025-11-28T19:08:57","modified_gmt":"2025-11-28T17:08:57","slug":"propietats-i-usos-de-la-civada","status":"publish","type":"post","link":"https:\/\/masgrau.net\/es\/propietats-i-usos-de-la-civada\/","title":{"rendered":"Propietats i usos de la civada"},"content":{"rendered":"\n<blockquote class=\"wp-block-quote is-layout-flow wp-block-quote-is-layout-flow\"><p>Un traginer menjava pa e ceba, dementre que son mul menjava la civada; aquell traginer era magre e descolorit e son mul era gras. Lo canonge dix al traginer per qu\u00e8 pensava millor en el mul que en sa persona, e lo traginer dix que el mul no podria portar lo feix sense el compliment de la civada e que ell podia plixar ab pa e ab ceba.<\/p><\/blockquote>\n\n\n\n<p>Aix\u00ed es refereix Llull al&nbsp;<em>Blanquerna<\/em>&nbsp;a un dels cereals menys coneguts i emprats entre nosaltres que, en canvi, s\u00ed que forma part de la dieta dels pa\u00efsos n\u00f2rdics, on sempre s\u2019han valorat les seves propietats nutritives (servit tradicionalment en els coneguts&nbsp;<em>porridge<\/em>&nbsp;i&nbsp;<em>muesli<\/em>). \u201cLa civada torna els homes de ferro\u201d diu un refrany alemany.<\/p>\n\n\n\n<p>La civada destaca pel seu contingut en prote\u00efnes amb un alt nombre d\u2019amino\u00e0cids, l\u00edpids o greixos vegetals, hidrats de carboni, vitamines, minerals i oligoelements.&nbsp;De fet, \u00e9s el cereal m\u00e9s complet, en la mesura que cont\u00e9 la major quantitat d\u2019aquests elements i \u00e9s, a m\u00e9s, f\u00e0cil de pair. \u00c9s, doncs, una important font d\u2019energia que augmenta el rendiment, tant f\u00edsic com intel\u00b7lectual, i equilibra l\u2019organisme.<\/p>\n\n\n\n<p>\u00c9s un aliment de primera, per\u00f2 alhora \u00e9s tamb\u00e9 un bon complement terap\u00e8utic per a moltes malalties. Tant \u00e9s aix\u00ed, que durant segles la medicina tradicional la prescrivia per al restabliment del sistema nervi\u00f3s en tota mena de desequilibris: \u00e9s un cereal nutritiu i tonificant, molt \u00fatil per a combatre la depressi\u00f3 i la debilitat, relacionades amb el sistema nervi\u00f3s.<\/p>\n\n\n\n<p>\u00c9s efica\u00e7, doncs, per als trastorns psicol\u00f2gics i emocionals com l\u2019ansietat, el nerviosisme, l\u2019estr\u00e8s o el deca\u00efment, per\u00f2 tamb\u00e9 \u00e9s un cereal benefici\u00f3s en un gran ventall de trastorns comuns; la ingesti\u00f3 habitual de civada ajuda a resoldre problemes de l\u2019aparell digestiu, com l\u2019acidesa, les ulceres d\u2019est\u00f3mac, la falta de gana. El seg\u00f3 de civada \u00e9s molt ric en fibres insolubles, el que fa que sigui una bona soluci\u00f3 per l&#8217;estrenyiment, per\u00f2 s&#8217;ha d&#8217;acompanyar amb aigua abundant. At\u00e8s que \u00e9s el m\u00e9s complet de tots els cereals, \u00e9s molt recomanable durant l\u2019embar\u00e0s i la lact\u00e0ncia, aix\u00ed com per la dieta dels infants i de la gent gran. La civada com a ingredient principal en l\u2019alimentaci\u00f3 del convalescent l\u2019ajudar\u00e0 a una recuperaci\u00f3 r\u00e0pida i duradora. \u00c9s, en definitiva, molt \u00fatil en aquelles etapes de la vida en que es requereix una aportaci\u00f3 extraordin\u00e0ria d\u2019energia i vitalitat.<\/p>\n\n\n\n<blockquote class=\"wp-block-quote is-layout-flow wp-block-quote-is-layout-flow\"><p>Un diccionari angl\u00e8s de 1755 definia la civada com \u00abCereal que consumeixen els escocesos, per\u00f2 que els anglesos nom\u00e9s donen als seus cavalls\u00bb. Al que els escocesos replicaren: \u00abVet ac\u00ed perqu\u00e8 els anglesos tenen tant bons cavalls, i els escocesos, homes admirables.<\/p><\/blockquote>\n\n\n\n<p>Protegeix de la descalcificaci\u00f3 del ossos, de les caries i t\u00e9 un efecte equilibrant del metabolisme que regula el colesterol, la tensi\u00f3 arterial. Alenteix l&#8217;absorci\u00f3 dels hidrats de carboni, el que fa que la gluc\u00e8mia pugi m\u00e9s lentament despr\u00e9s de l&#8217;\u00e0pat, i que la insulina s&#8217;alliberi m\u00e9s lentament; aix\u00f2 la fa un aliment excel\u00b7lent per a les persones diab\u00e8tiques. Tot aquell que vulgui aprimar-se, trobar\u00e0 en la civada un aliment complet que, alhora que aporta molts elements necessaris per a una dieta sana, ajuda a desfer-se dels quilos sobrants. Encara que sembli paradoxal, tamb\u00e9 \u00e9s \u00fatil per a aquells que vulguin engreixar-se i recuperar el seu pes normal.<\/p>\n\n\n\n<h5 class=\"wp-block-heading\">La monodieta de civada<\/h5>\n\n\n\n<p>La ingesti\u00f3 habitual de civada \u00e9s un bon sistema de prevenci\u00f3. Tanmateix, en cas de malaltia pot ser benefici\u00f3s seguir una monodieta de civada, un dejuni parcial que consisteix en alimentar-se exclusivament d\u2019aquest cereal durant un per\u00edode de tres a set dies. \u00c9s un r\u00e8gim depuratiu que ajuda a l\u2019organisme a restablir-se i, en ser un cereal tan nutritiu, evita la sensaci\u00f3 de gana.<br>Una vegada acabada la monodieta, es pot continuar alguns dies m\u00e9s prenent civada combinant-la amb altres aliments.<\/p>\n\n\n\n<h5 class=\"wp-block-heading\">Formes de preparaci\u00f3<\/h5>\n\n\n\n<p>Les formes tradicionals de preparaci\u00f3 de la civada s\u00f3n el&nbsp;<em>muesli<\/em>&nbsp;o&nbsp;<em>porriadge<\/em>&nbsp;per una banda, i la sopa o crema per l\u2019altra. De tota manera, es pot introduir a la cuina en els mateixos plats que els altres cereals, o afegir a les amanides.<\/p>\n\n\n\n<p>Es pot trobar en gra integral (que es prepara com l\u2019arr\u00f2s integral, amb una bona estona de cocci\u00f3), en farina (es pot emprar en els mateixos casos que la farina de blat: per pastissos, arrebossats, galetes, etc.), en flocs, en seg\u00f3 i en llet.<\/p>\n\n\n\n<p>Els flocs es cuina en menys cinc minuts; el gra, en canvi, s\u2019ha de bullir durant uns tres quarts d\u2019hora o b\u00e9 deixar en remull unes hores, bullir-lo un quart i deixar que reposi a la mateixa aigua fins que s\u2019obri del tot. La llet es pot fer servir en les mateixes ocasions que la de vaca o soja: per fer batuts o per prendre-la sola amb l\u2019esmorzar, o abans d\u2019anar a dormir.<\/p>\n\n\n\n<h6 class=\"wp-block-heading\">Esmorzars<\/h6>\n\n\n\n<ul class=\"wp-block-list\"><li>Per al&nbsp;<em>muesli<\/em>, el m\u00e9s habitual \u00e9s emprar la civada en flocs crus, que caldr\u00e0 deixar en remull tota la nit i barrejar-los amb fruita (sencera o ratllada), iogurt, fruits secs, mel\u2026<\/li><li>El tradicional&nbsp;<em>porridge<\/em>&nbsp;es prepara bullint els flocs amb llet (preferentment de civada, d\u2019arr\u00f2s, de soja..) durant deu minuts i afegint-hi una culleradeta de mel. Es pot barrejar amb els mateixos ingredients que el muesli. L\u2019\u00fanica difer\u00e8ncia \u00e9s que el&nbsp;<em>muesli<\/em>&nbsp;es pren fred i el <em>porriedge<\/em>&nbsp;calent, el que fa que el primer sigui m\u00e9s apte per l\u2019estiu i el segon per l\u2019hivern.<\/li><\/ul>\n\n\n\n<h6 class=\"wp-block-heading\">Cremes o sopes<\/h6>\n\n\n\n<ul class=\"wp-block-list\"><li>Per a preparar crema de civada es pot fer amb el cereal exclusivament o juntament amb verdures. Un sofregit de ceba li donar\u00e0 una mica de gust i, un cop afegida l\u2019aigua, s\u2019hi tiren els flocs (si \u00e9s en gra, s\u2019haur\u00e0 d\u2019haver cuit pr\u00e8viament), una mica de sal i, quan siguin cuits, nom\u00e9s caldr\u00e0 triturar-ho tot. De la mateixa manera, abans de tirar-hi la civada es poden bullir algunes verdures (carabass\u00f3, porros, espinacs, pastenaga, etc.) i quan siguin gaireb\u00e9 fetes afegir-hi els flocs.<\/li><li>Per a la sopa, cal preparar primer un brou vegetal amb les verdures i, despr\u00e9s, afegir-hi la civada. Una bona opci\u00f3 es posar-hi tamb\u00e9 algunes <a href=\"https:\/\/masgrau.dev.mialias.net\/menjar-algues\/\" target=\"_blank\" rel=\"noopener\">algues<\/a>. De fet, la civada es pot afegir a tota mena de sopes: de roman\u00ed, de ceba, d\u2019all, etc.<\/li><li>Tamb\u00e9 es pot fer servir en altres plats com a ingredient principal: paelles (substituint l\u2019arr\u00f2s), croquetes, creps, etc.<\/li><\/ul>\n\n\n\n<h5 class=\"wp-block-heading\">La civada i la pell<\/h5>\n\n\n\n<p>Avui es poden trobar molts productes per a la higiene i la cosm\u00e8tica que diuen contenir extracte de civada. Per a beneficiar-se de totes les propietats d\u2019aquest cereal, cal comprovar que els preparats siguin el m\u00e9s naturals possible i assegurar-se que en continguin al menys d\u2019un 2 a un 5%.<br>La proliferaci\u00f3 de productes amb civada posa de manifest les seves grans propietats dermatol\u00f2giques; \u00e9s un ingredient que proporciona hidrataci\u00f3 alhora que neteja i protegeix.<br>L\u2019utilitzaci\u00f3 de sabons i cremes de civada suavitza les irritacions de la pell i forma una pel\u00b7l\u00edcula protectora que evita la deshidrataci\u00f3. \u00c9s especialment recomanable per als nens i per a persones amb la pell sensible: trastorns dermatol\u00f2gics com les irritacions cut\u00e0nies dels beb\u00e8s, l\u2019acne dels adolescents, la pell resseca de la gent gran, taques, estries o irritacions\u2026<br>Aix\u00ed mateix, es pot aplicar en cas de cremades del sol, per a protegir la pell del fred, en picades d\u2019insecte, i en pells al\u00b7l\u00e8rgiques.<\/p>\n\n\n\n<p>Localment, es pot aplicar una m\u00e0scara de civada, ideal per a descongestionar el cutis irritat, excessivament sec o per a pells sensibles. S\u2019elabora barrejant dues cullerades soperes de farina de civada amb la quantitat necess\u00e0ria de t\u00f2nic, aigua de roses, de til\u00b7la o camamilla per a que quedi una massa fina i consistent. S\u2019aplica durant uns 15 minuts i es retira suaument amb aigua t\u00e8bia.<\/p>\n\n\n\n<p>Els banys d\u2019aigua de civada -que ja es feien a la Gr\u00e8cia cl\u00e0ssica i l&#8217;antiga Roma per hidratar i reparar la pell- s\u00f3n \u00fatils per a qualsevol irritaci\u00f3, picor o al\u00b7l\u00e8rgia, per la pell castigada per l\u2019exc\u00e9s de sol o simplement per suavitzar, hidratar i tonificar la pell. L\u2019elaboraci\u00f3 \u00e9s molt senzilla: es posen 100 grms de farina de civada m\u00f2lta en una bosseta de tela i es bull en una cassola amb un litre d\u2019aigua durant uns deu minuts. El l\u00edquid esp\u00e8s i blanquin\u00f3s \u00e9s el que s\u2019afegeix a l\u2019aigua del bany, juntament amb una infusi\u00f3 de camamilla en cas de pell enrogida o irritada. L\u2019aigua que resta en bullir la civada en gra tamb\u00e9 \u00e9s pot aprofitar i fer servir per al bany.<\/p>\n\n\n\n<p>A m\u00e9s de sobre la pell, els banys de civada tamb\u00e9 actuen sobre el sistema nervi\u00f3s, i tenen un efecte sedant que facilita molt el son.<\/p>\n","protected":false},"excerpt":{"rendered":"<p>La civada destaca pel seu contingut en prote\u00efnes amb un alt nombre d\u2019amino\u00e0cids, l\u00edpids o greixos vegetals, hidrats de carboni, vitamines, minerals i oligoelements.<\/p>\n","protected":false},"author":1,"featured_media":1873,"comment_status":"closed","ping_status":"closed","sticky":false,"template":"","format":"standard","meta":{"_acf_changed":false,"inline_featured_image":false,"footnotes":""},"categories":[129,187],"tags":[207,242],"class_list":["post-4164","post","type-post","status-publish","format-standard","has-post-thumbnail","hentry","category-alimentacion-y-dietas","category-la-salud-en-tus-manos","tag-avena","tag-remedios"],"acf":[],"_links":{"self":[{"href":"https:\/\/masgrau.net\/es\/wp-json\/wp\/v2\/posts\/4164","targetHints":{"allow":["GET"]}}],"collection":[{"href":"https:\/\/masgrau.net\/es\/wp-json\/wp\/v2\/posts"}],"about":[{"href":"https:\/\/masgrau.net\/es\/wp-json\/wp\/v2\/types\/post"}],"author":[{"embeddable":true,"href":"https:\/\/masgrau.net\/es\/wp-json\/wp\/v2\/users\/1"}],"replies":[{"embeddable":true,"href":"https:\/\/masgrau.net\/es\/wp-json\/wp\/v2\/comments?post=4164"}],"version-history":[{"count":1,"href":"https:\/\/masgrau.net\/es\/wp-json\/wp\/v2\/posts\/4164\/revisions"}],"predecessor-version":[{"id":4501,"href":"https:\/\/masgrau.net\/es\/wp-json\/wp\/v2\/posts\/4164\/revisions\/4501"}],"wp:featuredmedia":[{"embeddable":true,"href":"https:\/\/masgrau.net\/es\/wp-json\/wp\/v2\/media\/1873"}],"wp:attachment":[{"href":"https:\/\/masgrau.net\/es\/wp-json\/wp\/v2\/media?parent=4164"}],"wp:term":[{"taxonomy":"category","embeddable":true,"href":"https:\/\/masgrau.net\/es\/wp-json\/wp\/v2\/categories?post=4164"},{"taxonomy":"post_tag","embeddable":true,"href":"https:\/\/masgrau.net\/es\/wp-json\/wp\/v2\/tags?post=4164"}],"curies":[{"name":"wp","href":"https:\/\/api.w.org\/{rel}","templated":true}]}}